{"id":1359,"date":"2015-01-23T21:52:28","date_gmt":"2015-01-23T19:52:28","guid":{"rendered":"http:\/\/no-fracking-wendland.de\/?p=1359"},"modified":"2015-01-23T21:55:41","modified_gmt":"2015-01-23T19:55:41","slug":"der-kommerziellen-nutzung-wird-tuer-und-tor-geoeffnet-umweltinstitut-muenchen-zum-gesetztentwurf","status":"publish","type":"post","link":"https:\/\/erdgas-erdoel-fracking-wendland.de\/?p=1359","title":{"rendered":"Der kommerziellen Nutzung wird T\u00fcr und Tor ge\u00f6ffnet &#8211; Umweltinstitut M\u00fcnchen zum Gesetztentwurf"},"content":{"rendered":"<div class=\"themaBeschreibung\">\n<h3>Schiefergasfracking bald in Deutschland erlaubt?<\/h3>\n<\/div>\n<div class=\"themaInhalt\">\n<div class=\"pull-right w300 image_wrapper\"><img decoding=\"async\" loading=\"lazy\" class=\"aligncenter\" src=\"http:\/\/www.umweltinstitut.org\/fileadmin\/_processed_\/csm_Freie-Fahrt-f%C3%BCr-Fracking---Faktenblatt-Titelbild---300px---03_b97e5d7ee4.png\" alt=\"Faktenblatt Fracking-Gesetz\" width=\"300\" height=\"376\" \/><\/div>\n<p class=\"bodytext\">Die k\u00fcnftige Regelung von Fracking geht in die hei\u00dfe Phase: Noch in diesem Quartal sollen die Gesetzesentw\u00fcrfe im Bundeskabinett beschlossen werden, danach geht es weiter mit der parlamentarischen Beratung und Abstimmung im Bundestag. Im Rahmen der L\u00e4nder- und Verb\u00e4ndeanh\u00f6rung \u00fcber die Referentenentw\u00fcrfe, die am 23. Januar endet, hat das Umweltinstitut eine <a title=\"Stellungnahme Verb\u00e4ndeanh\u00f6rung\" href=\"http:\/\/www.umweltinstitut.org\/fileadmin\/Mediapool\/Downloads\/01_Themen\/02_Energie-und-Klima\/150122_Stellungnahme_Fracking_Umweltinstitut_BMUB.pdf\" target=\"_blank\">Stellungnahme<\/a> eingereicht. Die wichtigsten Kritikpunkte haben wir in einem <a title=\"Fakten und Einsch\u00e4tzungen Fracking-Gesetz\" href=\"http:\/\/www.umweltinstitut.org\/fileadmin\/Mediapool\/Downloads\/01_Themen\/02_Energie-und-Klima\/Freie_Fahrt_f%C3%BCr_Fracking_-_Faktenblatt.pdf\" target=\"_blank\">ausf\u00fchrlichen Faktenblatt<\/a> (siehe Bild) zusammengestellt.<\/p>\n<p class=\"bodytext\">Das Umweltinstitut kritisiert scharf, dass Fracking in Deutschland grunds\u00e4tzlich erm\u00f6glicht werden soll, obwohl zahlreiche wissenschaftliche Studien zeigen, dass die F\u00f6rdertechnik gravierende Auswirkungen auf Umwelt und Gesundheit hat. Das gef\u00e4hrliche Kohlefl\u00f6z- und Schiefergasfracking, wie es in den USA praktiziert wird, soll unterhalb von 3000 Metern erlaubt werden \u2013 also gerade <b>dort, wo der Gro\u00dfteil der Vorkommen liegt<\/b>. Oberhalb von 3000 Metern soll es verboten sein \u2013 das aber auch nur bis 2018. Fracking in dichtem Sandgestein zur F\u00f6rderung von Tight Gas soll generell, ohne Einschr\u00e4nkungen bei der Tiefe, m\u00f6glich sein. <b>Wenn dieser Gesetzesvorschlag umgesetzt wird, k\u00f6nnten ab 2018 s\u00e4mtliche Arten unkonventioneller Erdgaslagerst\u00e4tten in allen Tiefen durch Fracking kommerziell erschlossen werden. <\/b><\/p>\n<\/div>\n<p>Hier geht es zum gesamten Artikel:<\/p>\n<p><a href=\"http:\/\/www.umweltinstitut.org\/aktuelle-meldungen\/meldungen\/schiefergasfracking-bald-in-deutschland-erlaubt.html\" target=\"_blank\">schiefergasfracking-bald-in-deutschland-erlaubt<\/a><\/p>\n","protected":false},"excerpt":{"rendered":"<p>Schiefergasfracking bald in Deutschland erlaubt? Die k\u00fcnftige Regelung von Fracking geht in die hei\u00dfe Phase: Noch in diesem Quartal sollen die Gesetzesentw\u00fcrfe im Bundeskabinett beschlossen werden, danach geht es weiter mit der parlamentarischen Beratung und Abstimmung im Bundestag. Im Rahmen &hellip; <a href=\"https:\/\/erdgas-erdoel-fracking-wendland.de\/?p=1359\">Weiterlesen <span class=\"meta-nav\">&rarr;<\/span><\/a><\/p>\n","protected":false},"author":4,"featured_media":0,"comment_status":"closed","ping_status":"open","sticky":false,"template":"","format":"standard","meta":[],"categories":[1],"tags":[],"_links":{"self":[{"href":"https:\/\/erdgas-erdoel-fracking-wendland.de\/index.php?rest_route=\/wp\/v2\/posts\/1359"}],"collection":[{"href":"https:\/\/erdgas-erdoel-fracking-wendland.de\/index.php?rest_route=\/wp\/v2\/posts"}],"about":[{"href":"https:\/\/erdgas-erdoel-fracking-wendland.de\/index.php?rest_route=\/wp\/v2\/types\/post"}],"author":[{"embeddable":true,"href":"https:\/\/erdgas-erdoel-fracking-wendland.de\/index.php?rest_route=\/wp\/v2\/users\/4"}],"replies":[{"embeddable":true,"href":"https:\/\/erdgas-erdoel-fracking-wendland.de\/index.php?rest_route=%2Fwp%2Fv2%2Fcomments&post=1359"}],"version-history":[{"count":3,"href":"https:\/\/erdgas-erdoel-fracking-wendland.de\/index.php?rest_route=\/wp\/v2\/posts\/1359\/revisions"}],"predecessor-version":[{"id":1362,"href":"https:\/\/erdgas-erdoel-fracking-wendland.de\/index.php?rest_route=\/wp\/v2\/posts\/1359\/revisions\/1362"}],"wp:attachment":[{"href":"https:\/\/erdgas-erdoel-fracking-wendland.de\/index.php?rest_route=%2Fwp%2Fv2%2Fmedia&parent=1359"}],"wp:term":[{"taxonomy":"category","embeddable":true,"href":"https:\/\/erdgas-erdoel-fracking-wendland.de\/index.php?rest_route=%2Fwp%2Fv2%2Fcategories&post=1359"},{"taxonomy":"post_tag","embeddable":true,"href":"https:\/\/erdgas-erdoel-fracking-wendland.de\/index.php?rest_route=%2Fwp%2Fv2%2Ftags&post=1359"}],"curies":[{"name":"wp","href":"https:\/\/api.w.org\/{rel}","templated":true}]}}