{"id":1388,"date":"2015-02-09T16:08:20","date_gmt":"2015-02-09T14:08:20","guid":{"rendered":"http:\/\/no-fracking-wendland.de\/?p=1388"},"modified":"2015-02-09T16:08:20","modified_gmt":"2015-02-09T14:08:20","slug":"stellungnahme-zum-fracking-gesetzentwurf-vor-ort-in-berlin","status":"publish","type":"post","link":"https:\/\/erdgas-erdoel-fracking-wendland.de\/?p=1388","title":{"rendered":"Stellungnahme zum Fracking-Gesetzentwurf vor Ort in Berlin"},"content":{"rendered":"<p class=\"western\"><strong>H\u00e4nde weg vom Grundwasser! Kein Fracking und kein Gasbohren!<\/strong><\/p>\n<p class=\"western\">Am 12. Februar 2015 findet im Bundespresseamt in Berlin eine m\u00fcndliche Anh\u00f6rung beteiligter Ministerien mit Verb\u00e4ndevertretern zum Fracking-Gesetzentwurf statt \u2013 vom VIK &#8211; Verband der Industriellen Energie- und Kraftwirtschaft \u00fcber den Industrie- und Handeslkammertag, Braunkohlelobbyisten, dem Brauer-Bund, aber auch von Umweltverb\u00e4nden.<\/p>\n<p class=\"western\">Es werden dabei Vertreter_innen von bundesweiten Anti-Fracking-Initiativen beteiligt sein. Auch <strong>die Fracking AG der BI Umweltschutz L\u00fcchow \u2013 Dannenberg stellt einen der Vertreter an der Anh\u00f6rung und wird die konsequent ablehnende Haltung zum Fracking-Gesetzentwurf mit unterst\u00fctzen.<\/strong><\/p>\n<p class=\"western\">Andy Gheorghui <a href=\"https:\/\/www.puttygen.net\/\">puttygen<\/a> , der im Sommer 2014 auf einer Veranstaltung der BI gegen Fracking in L\u00fcchow referiert hat und international gegen fracking engagiert ist, wird ebenfalls Stellung beziehen. Andy Gheorghui ist Initiator der Korbacher Resolution gegen Fracking, der sich zahlreiche Initiativen und Kommunen angeschlossen haben.<\/p>\n<p class=\"western\"><span style=\"color: #000080;\"><span lang=\"zxx\"><span style=\"text-decoration: underline;\"><a class=\"western\" href=\"https:\/\/www.resolution-korbach.org\/project\/unterst-aus-de.php\">https:\/\/www.resolution-korbach.org\/project\/unterst-aus-de.php<\/a><\/span><\/span><\/span><\/p>\n<p class=\"western\"><strong>\u00a0Fracking, Gas- und \u00d6lbohren stellen eine neue Gefahr f\u00fcr unser Grundwasser, unsere Biosph\u00e4re und die Klimaver\u00e4nderung dar. Sie vergiften nicht nur die Umwelt, sondern st\u00fctzen das \u201eweiter so\u201c hinsichtlich ungebremsten Wachstums und torpedieren die Energiewende. F\u00fcr den kurzzeitigen Profit der Energiekonzerne werden weitere \u201eEwigkeitslasten\u201c auf die Gesellschaft zukommen.<\/strong><\/p>\n<p class=\"western\">Eine Delegation aus dem Wendland, vom Atomm\u00fclldesaster gebeutelt, und von \u201eGasbohren\u201c bedroht, wird daher ab 9 Uhr vor dem Bundespressamt ihren Protest gegen das geplante Fracking-Erm\u00f6glichungs-Gesetz der Bundesregierung \u00f6ffentlich machen.<\/p>\n<p class=\"western\">Unser BI-Vertreter und Andy Gheorghui stehen am 12.2.2015 in Berlin f\u00fcr Interviews bereit.<\/p>\n<p class=\"western\">\n","protected":false},"excerpt":{"rendered":"<p>H\u00e4nde weg vom Grundwasser! Kein Fracking und kein Gasbohren! Am 12. Februar 2015 findet im Bundespresseamt in Berlin eine m\u00fcndliche Anh\u00f6rung beteiligter Ministerien mit Verb\u00e4ndevertretern zum Fracking-Gesetzentwurf statt \u2013 vom VIK &#8211; Verband der Industriellen Energie- und Kraftwirtschaft \u00fcber den &hellip; <a href=\"https:\/\/erdgas-erdoel-fracking-wendland.de\/?p=1388\">Weiterlesen <span class=\"meta-nav\">&rarr;<\/span><\/a><\/p>\n","protected":false},"author":4,"featured_media":0,"comment_status":"closed","ping_status":"open","sticky":false,"template":"","format":"standard","meta":[],"categories":[1],"tags":[],"_links":{"self":[{"href":"https:\/\/erdgas-erdoel-fracking-wendland.de\/index.php?rest_route=\/wp\/v2\/posts\/1388"}],"collection":[{"href":"https:\/\/erdgas-erdoel-fracking-wendland.de\/index.php?rest_route=\/wp\/v2\/posts"}],"about":[{"href":"https:\/\/erdgas-erdoel-fracking-wendland.de\/index.php?rest_route=\/wp\/v2\/types\/post"}],"author":[{"embeddable":true,"href":"https:\/\/erdgas-erdoel-fracking-wendland.de\/index.php?rest_route=\/wp\/v2\/users\/4"}],"replies":[{"embeddable":true,"href":"https:\/\/erdgas-erdoel-fracking-wendland.de\/index.php?rest_route=%2Fwp%2Fv2%2Fcomments&post=1388"}],"version-history":[{"count":1,"href":"https:\/\/erdgas-erdoel-fracking-wendland.de\/index.php?rest_route=\/wp\/v2\/posts\/1388\/revisions"}],"predecessor-version":[{"id":1389,"href":"https:\/\/erdgas-erdoel-fracking-wendland.de\/index.php?rest_route=\/wp\/v2\/posts\/1388\/revisions\/1389"}],"wp:attachment":[{"href":"https:\/\/erdgas-erdoel-fracking-wendland.de\/index.php?rest_route=%2Fwp%2Fv2%2Fmedia&parent=1388"}],"wp:term":[{"taxonomy":"category","embeddable":true,"href":"https:\/\/erdgas-erdoel-fracking-wendland.de\/index.php?rest_route=%2Fwp%2Fv2%2Fcategories&post=1388"},{"taxonomy":"post_tag","embeddable":true,"href":"https:\/\/erdgas-erdoel-fracking-wendland.de\/index.php?rest_route=%2Fwp%2Fv2%2Ftags&post=1388"}],"curies":[{"name":"wp","href":"https:\/\/api.w.org\/{rel}","templated":true}]}}