{"id":68,"date":"2013-04-13T17:12:34","date_gmt":"2013-04-13T15:12:34","guid":{"rendered":"http:\/\/nofracking.wendland-daten.de\/wordpress\/?p=68"},"modified":"2013-04-13T17:12:34","modified_gmt":"2013-04-13T15:12:34","slug":"vernetzungstreffen-am-freitag-27-4-ab-10-uhr-in-luneburg","status":"publish","type":"post","link":"https:\/\/erdgas-erdoel-fracking-wendland.de\/?p=68","title":{"rendered":"Vernetzungstreffen am Freitag, 27.4., ab 10 Uhr in L\u00fcneburg"},"content":{"rendered":"<div lang=\"x-western\">Hallo zusammen,<\/p>\n<p>unten eine Einladung zu einem Fracking-Vernetzungstreffen am Freitag, 27.4., ab 10 Uhr in L\u00fcneburg<br \/>\nWer teilnehmen m\u00f6chte, melde sich bitte per Mail zur Bildung von Fahrgemeinschaften bei mir.<\/p>\n<p>Ein bundesweites Treffen findet am 4. + 5. Mai in Korbach statt.<br \/>\n<a href=\"http:\/\/www.gegen-gasbohren.de\/2013\/02\/23\/anti-fracking-strategietreffen-in-korbach-am-4-5-mai-2013\/\">http:\/\/www.gegen-gasbohren.de\/2013\/02\/23\/anti-fracking-strategietreffen-in-korbach-am-4-5-mai-2013\/<\/a><br \/>\nAuch dazu bitte fr\u00fchzeitig bei Zeit und Interesse melden. Anmeldeschluss ist 28.4.<\/p>\n<p>Nettes Wochenende,<br \/>\nFrancis<br \/>\n&#8230;&#8230;&#8230;..<\/p>\n<p>Hallo liebe Aktive und Fractivist_innen,<\/p>\n<p>hiermit m\u00f6chten wir Euch einladen zum \u00f6ffentlichen *Informations- und Vernetzungskongress gegen Fracking am 27.04.2013 von 10 bis 18 Uhr im Freiraum, Salzstra\u00dfe 1 in L\u00fcneburg. Als eine Initiative aus B\u00fcrgern unterschiedlicher Alters-<br \/>\nund Berufsgruppen, die sich unter dem Dach des Bundes f\u00fcr Umwelt und Naturschutz gegen das unkonventionelle Gasbohren gegr\u00fcndet hat, m\u00f6chten wir uns mit diesem Schreiben an Euch wenden.<\/p>\n<p>Eine kanadische Firma plant, im Raum L\u00fcneburg und Umgebung mit einem <i>\/unkonventionellen F\u00f6rderverfahren\/<\/i> (Hydraulic Fracturing) nach Erdgas zu bohren. Diese Methode ist sehr umstritten und hat z.B. in den USA schon zu gro\u00dfen Umweltsch\u00e4den gef\u00fchrt. Auch in Deutschland l\u00e4sst sich nicht sicher ausschlie\u00dfen, dass das Grundwasser kontaminiert wird. O-Ton<br \/>\nPressesprecher von Exxon Mobil bei einer Informationsveranstaltung am 27.2.2013 an der Leuphana Universit\u00e4t: &#8220;\/Sie werden mich an dieser Stelle nicht sagen h\u00f6ren, das nichts passieren kann\/!&#8221; Das Landesbergamt (LBEG) hat f\u00fcr den Raum L\u00fcneburg leider<br \/>\nschon seine Erlaubnis f\u00fcr die Suche nach Kohlenwasserstoffen gegeben.<\/p>\n<p>Da wir der Ansicht sind, dass das Trinkwasser, aber auch die Natur in unserem Landkreis absolut zu sch\u00fctzen ist, engagieren wir uns. Wir lehnen das Einbringen von wassergef\u00e4hrdenden Fl\u00fcssigkeiten in den Untergrund ab. Die Auswirkungen dieser Erdgasbohrungen k\u00f6nnen erheblich sein und betreffen gro\u00dffl\u00e4chig verschiedene Einrichtungen, Firmen und private Haushalte gleicherma\u00dfen und auf ganz unterschiedliche Weise. In diesem Zusammenhang ist es uns wichtig, aus m\u00f6glichst vielen verschiedenen Bereichen (Tourismus, Wasserversorgungswerke, Landwirtschaft, Angelvereine usw.) dazu Stellungnahmen, Informationen,<br \/>\nKommentare und Bedenken zu sammeln und uns auszutauschen. Wir planen in Zukunft z.B. Workshops, Vernetzung mit anderen Initiativen gegen diese Art der Gasgewinnung, Information durch Radiosendungen oder auch St\u00e4nde und mit Aktionen<br \/>\nin der Stadt.<\/p>\n<p>Unsere gro\u00dfe Informationsveranstaltung (Kongress) findet im &#8220;Freiraum&#8221; in L\u00fcneburg am *27. April 2013 *statt.<\/p>\n<p>An diesem Tag wollen wir unterschiedliche Initiativen und Akteure aus Land und Region zusammenbringen, uns unerl\u00e4ssliches Wissen aneignen sowie Reflexion, Austausch und Vernetzung f\u00f6rdern. Am Ende wird eine gemeinsame Resolution<br \/>\nstehen, die auch als Grundlage f\u00fcr das bald folgende bundesweite Treffen dienen kann!<\/p>\n<p>Der Ablauf gestaltet sich wie folgt:<\/p>\n<p>Ablaufplan:<\/p>\n<p>10:00 Uhr Start: Vortrag \/Update\/Status quo\/Diskussion<\/p>\n<p>11:30 Uhr Workshop 1 und 2: Erarbeitung Basiswissen, rechtliche,<br \/>\ngeowissenschaftliche und umweltchemische Hintergr\u00fcnde<\/p>\n<p>13:00 Uhr Pause<\/p>\n<p>14:00 Uhr Workshop 3 und 4:Planen von Aktionen<\/p>\n<p>15:30 Uhr Open Space<\/p>\n<p>16:00 Uhr Ergebnisvorstellung der WS<\/p>\n<p>17:00 Uhr Zusammenfassung\/Resolutionsverabschiedung\/Ausblick<\/p>\n<p>Seid eingeladen, Euch mit Euren Erfahrungen und Ideen in den Prozess<br \/>\neinzubringen: Es kommt auf jede Stimme und die kreativen F\u00e4higkeiten<br \/>\nAller an.<\/p>\n<p>Seid willkommen, euch offen und demokratisch mit dem Thema<br \/>\nauseinanderzusetzen,<br \/>\ndas Euch wichtig ist und Euch dabei gegenseitig zu unterst\u00fctzen.<\/p>\n<p>\/&#8217;Gegen&#8217; ist &#8216;f\u00fcr&#8217;, also f\u00fcr eine intelligente Energienutzung,\/\/f\u00fcr ein<br \/>\nintaktes<br \/>\n\u00d6kosystem ohne (noch mehr) Chemie in Luft, B\u00f6den und Wasser und ergo\/\/eine<br \/>\nlebenswerte Umwelt f\u00fcr alle.\/<\/p>\n<p>Seid Ihr dabei? Dann kommt am*27.04.13 in den &#8216;Freiraum&#8217;, Salzstra\u00dfe 1.*<br \/>\nGenauere Informationen zu Anfahrt und Ablauf\/Zusagen folgen rechtzeitig!<br \/>\nF\u00fcr<br \/>\nFragen jeder Art stehe wir gern zur Verf\u00fcgung. Wenn ihr noch m\u00f6gliche<br \/>\nInteressenten oder sich neu formierende Initiativen kennt, leitet diese<br \/>\nEinladung gerne weiter!<\/p>\n<p>Mit besten Gr\u00fc\u00dfen<\/p>\n<p>i.V. Dirk Werner (Lagatom) und Matthias P\u00fctz (BUND)<\/p>\n<p><i>\/Mehr Infos und Kontakt unter:\/\/info@wir-gegen-fracking.de\/<\/i><\/div>\n","protected":false},"excerpt":{"rendered":"<p>Hallo zusammen, unten eine Einladung zu einem Fracking-Vernetzungstreffen am Freitag, 27.4., ab 10 Uhr in L\u00fcneburg Wer teilnehmen m\u00f6chte, melde sich bitte per Mail zur Bildung von Fahrgemeinschaften bei mir. Ein bundesweites Treffen findet am 4. + 5. Mai in &hellip; <a href=\"https:\/\/erdgas-erdoel-fracking-wendland.de\/?p=68\">Weiterlesen <span class=\"meta-nav\">&rarr;<\/span><\/a><\/p>\n","protected":false},"author":1,"featured_media":0,"comment_status":"closed","ping_status":"open","sticky":false,"template":"","format":"standard","meta":[],"categories":[1],"tags":[],"_links":{"self":[{"href":"https:\/\/erdgas-erdoel-fracking-wendland.de\/index.php?rest_route=\/wp\/v2\/posts\/68"}],"collection":[{"href":"https:\/\/erdgas-erdoel-fracking-wendland.de\/index.php?rest_route=\/wp\/v2\/posts"}],"about":[{"href":"https:\/\/erdgas-erdoel-fracking-wendland.de\/index.php?rest_route=\/wp\/v2\/types\/post"}],"author":[{"embeddable":true,"href":"https:\/\/erdgas-erdoel-fracking-wendland.de\/index.php?rest_route=\/wp\/v2\/users\/1"}],"replies":[{"embeddable":true,"href":"https:\/\/erdgas-erdoel-fracking-wendland.de\/index.php?rest_route=%2Fwp%2Fv2%2Fcomments&post=68"}],"version-history":[{"count":1,"href":"https:\/\/erdgas-erdoel-fracking-wendland.de\/index.php?rest_route=\/wp\/v2\/posts\/68\/revisions"}],"predecessor-version":[{"id":69,"href":"https:\/\/erdgas-erdoel-fracking-wendland.de\/index.php?rest_route=\/wp\/v2\/posts\/68\/revisions\/69"}],"wp:attachment":[{"href":"https:\/\/erdgas-erdoel-fracking-wendland.de\/index.php?rest_route=%2Fwp%2Fv2%2Fmedia&parent=68"}],"wp:term":[{"taxonomy":"category","embeddable":true,"href":"https:\/\/erdgas-erdoel-fracking-wendland.de\/index.php?rest_route=%2Fwp%2Fv2%2Fcategories&post=68"},{"taxonomy":"post_tag","embeddable":true,"href":"https:\/\/erdgas-erdoel-fracking-wendland.de\/index.php?rest_route=%2Fwp%2Fv2%2Ftags&post=68"}],"curies":[{"name":"wp","href":"https:\/\/api.w.org\/{rel}","templated":true}]}}